{"id":2390,"date":"2023-01-29T12:10:21","date_gmt":"2023-01-29T11:10:21","guid":{"rendered":"https:\/\/bezirk34.de\/?p=2390"},"modified":"2023-01-29T12:14:25","modified_gmt":"2023-01-29T11:14:25","slug":"sg-neu-isenburg-faehrt-zu-aufstiegswettkampf-in-die-oberliga-sued","status":"publish","type":"post","link":"https:\/\/bezirk34.de\/?p=2390","title":{"rendered":"SG Neu-Isenburg f\u00e4hrt zum Aufstiegswettkampf in der Oberliga S\u00fcd"},"content":{"rendered":"\n<p>(S. Damm) Aufgrund der sehr guten Leistungen der vergangenen Rundenwettkampf-Saison in der 2. Bezirksklasse Luftgewehr (14:2 Punkten), wollte sich die SG Neu-Isenburg gerne den Aufstiegswettk\u00e4mpfen zur Oberliga S\u00fcd stellen.<br>Da aber auch die SG Langen als Sieger der 1. Bezirksklasse (10:2 Punkte), durchaus berechtigt war, hieran teilzunehmen, wurde ein Ausscheidungswettkampf am 28.01.2023 im Sch\u00fctzenverein Diana Hausen ausgerichtet.<br>Mit 1498 : 1445 Ringen setzte sich die SG Neu-Isenburg vor der SG Langen durch.<br>Somit f\u00e4hrt die SG Neu-Isenburg am 12.03.2023 zum Aufstiegswettkampf zur Oberliga S\u00fcd nach Bad Homburg. Hierf\u00fcr w\u00fcnscht der Bezirk der SG Neu-Isenburg \u201eGut Schuss\u201c und sie kehren hoffentlich als zuk\u00fcnftiger Teilnehmer der Oberliga S\u00fcd zur\u00fcck.<br><a rel=\"noreferrer noopener\" href=\"https:\/\/bezirk34.de\/wp-content\/uploads\/2023\/01\/Ergebnis-Ausscheidungswettkampf-28_01_2023.pdf\" target=\"_blank\">Ergebnisse<\/a><\/p>\n\n\n\n<p>Bilder der Veranstaltung:<br> <img data-recalc-dims=\"1\" loading=\"lazy\" decoding=\"async\" width=\"750\" height=\"1000\" data-attachment-id=\"2391\" data-permalink=\"https:\/\/bezirk34.de\/?attachment_id=2391#main\" data-orig-file=\"https:\/\/i0.wp.com\/bezirk34.de\/wp-content\/uploads\/2023\/01\/Schuetzen-am-Schiessstand-scaled.jpg?fit=1920%2C2560&amp;ssl=1\" data-orig-size=\"1920,2560\" data-comments-opened=\"0\" data-image-meta=\"{&quot;aperture&quot;:&quot;1.8&quot;,&quot;credit&quot;:&quot;&quot;,&quot;camera&quot;:&quot;iPhone 8 Plus&quot;,&quot;caption&quot;:&quot;&quot;,&quot;created_timestamp&quot;:&quot;1674898603&quot;,&quot;copyright&quot;:&quot;&quot;,&quot;focal_length&quot;:&quot;3.99&quot;,&quot;iso&quot;:&quot;80&quot;,&quot;shutter_speed&quot;:&quot;0.058823529411765&quot;,&quot;title&quot;:&quot;&quot;,&quot;orientation&quot;:&quot;1&quot;}\" data-image-title=\"Sch\u00fctzen am Schiessstand\" data-image-description=\"\" data-image-caption=\"\" data-large-file=\"https:\/\/i0.wp.com\/bezirk34.de\/wp-content\/uploads\/2023\/01\/Schuetzen-am-Schiessstand-scaled.jpg?fit=768%2C1024&amp;ssl=1\" class=\"wp-image-2391\" style=\"width: 750px;\" src=\"https:\/\/i0.wp.com\/bezirk34.de\/wp-content\/uploads\/2023\/01\/Schuetzen-am-Schiessstand-scaled.jpg?resize=750%2C1000&#038;ssl=1\" alt=\"\" srcset=\"https:\/\/i0.wp.com\/bezirk34.de\/wp-content\/uploads\/2023\/01\/Schuetzen-am-Schiessstand-scaled.jpg?w=1920&amp;ssl=1 1920w, https:\/\/i0.wp.com\/bezirk34.de\/wp-content\/uploads\/2023\/01\/Schuetzen-am-Schiessstand-scaled.jpg?resize=225%2C300&amp;ssl=1 225w, https:\/\/i0.wp.com\/bezirk34.de\/wp-content\/uploads\/2023\/01\/Schuetzen-am-Schiessstand-scaled.jpg?resize=768%2C1024&amp;ssl=1 768w, https:\/\/i0.wp.com\/bezirk34.de\/wp-content\/uploads\/2023\/01\/Schuetzen-am-Schiessstand-scaled.jpg?resize=1152%2C1536&amp;ssl=1 1152w, https:\/\/i0.wp.com\/bezirk34.de\/wp-content\/uploads\/2023\/01\/Schuetzen-am-Schiessstand-scaled.jpg?resize=1536%2C2048&amp;ssl=1 1536w\" sizes=\"auto, (max-width: 750px) 100vw, 750px\" \/><br><img data-recalc-dims=\"1\" loading=\"lazy\" decoding=\"async\" width=\"750\" height=\"563\" data-attachment-id=\"2392\" data-permalink=\"https:\/\/bezirk34.de\/?attachment_id=2392#main\" data-orig-file=\"https:\/\/i0.wp.com\/bezirk34.de\/wp-content\/uploads\/2023\/01\/Teilnehmer-Ausscheidungswettkampf-scaled.jpg?fit=2560%2C1920&amp;ssl=1\" data-orig-size=\"2560,1920\" data-comments-opened=\"0\" data-image-meta=\"{&quot;aperture&quot;:&quot;1.8&quot;,&quot;credit&quot;:&quot;&quot;,&quot;camera&quot;:&quot;iPhone 8 Plus&quot;,&quot;caption&quot;:&quot;&quot;,&quot;created_timestamp&quot;:&quot;1674901898&quot;,&quot;copyright&quot;:&quot;&quot;,&quot;focal_length&quot;:&quot;3.99&quot;,&quot;iso&quot;:&quot;80&quot;,&quot;shutter_speed&quot;:&quot;0.058823529411765&quot;,&quot;title&quot;:&quot;&quot;,&quot;orientation&quot;:&quot;1&quot;}\" data-image-title=\"Teilnehmer Ausscheidungswettkampf\" data-image-description=\"\" data-image-caption=\"\" data-large-file=\"https:\/\/i0.wp.com\/bezirk34.de\/wp-content\/uploads\/2023\/01\/Teilnehmer-Ausscheidungswettkampf-scaled.jpg?fit=1024%2C768&amp;ssl=1\" class=\"wp-image-2392\" style=\"width: 750px;\" src=\"https:\/\/i0.wp.com\/bezirk34.de\/wp-content\/uploads\/2023\/01\/Teilnehmer-Ausscheidungswettkampf-scaled.jpg?resize=750%2C563&#038;ssl=1\" alt=\"\" srcset=\"https:\/\/i0.wp.com\/bezirk34.de\/wp-content\/uploads\/2023\/01\/Teilnehmer-Ausscheidungswettkampf-scaled.jpg?w=2560&amp;ssl=1 2560w, https:\/\/i0.wp.com\/bezirk34.de\/wp-content\/uploads\/2023\/01\/Teilnehmer-Ausscheidungswettkampf-scaled.jpg?resize=300%2C225&amp;ssl=1 300w, https:\/\/i0.wp.com\/bezirk34.de\/wp-content\/uploads\/2023\/01\/Teilnehmer-Ausscheidungswettkampf-scaled.jpg?resize=1024%2C768&amp;ssl=1 1024w, https:\/\/i0.wp.com\/bezirk34.de\/wp-content\/uploads\/2023\/01\/Teilnehmer-Ausscheidungswettkampf-scaled.jpg?resize=768%2C576&amp;ssl=1 768w, https:\/\/i0.wp.com\/bezirk34.de\/wp-content\/uploads\/2023\/01\/Teilnehmer-Ausscheidungswettkampf-scaled.jpg?resize=1536%2C1152&amp;ssl=1 1536w, https:\/\/i0.wp.com\/bezirk34.de\/wp-content\/uploads\/2023\/01\/Teilnehmer-Ausscheidungswettkampf-scaled.jpg?resize=2048%2C1536&amp;ssl=1 2048w, https:\/\/i0.wp.com\/bezirk34.de\/wp-content\/uploads\/2023\/01\/Teilnehmer-Ausscheidungswettkampf-scaled.jpg?w=2400&amp;ssl=1 2400w\" sizes=\"auto, (max-width: 750px) 100vw, 750px\" \/><br><br><\/p>\n","protected":false},"excerpt":{"rendered":"<p>(S. Damm) Aufgrund der sehr guten Leistungen der vergangenen Rundenwettkampf-Saison in der 2. Bezirksklasse Luftgewehr (14:2 Punkten), wollte sich die SG Neu-Isenburg gerne den Aufstiegswettk\u00e4mpfen zur Oberliga S\u00fcd stellen.Da aber auch die SG Langen als Sieger der 1. Bezirksklasse (10:2 Punkte), durchaus berechtigt war, hieran teilzunehmen, wurde ein Ausscheidungswettkampf am 28.01.2023 im Sch\u00fctzenverein Diana Hausen &#8230; <a title=\"SG Neu-Isenburg f\u00e4hrt zum Aufstiegswettkampf in der Oberliga S\u00fcd\" class=\"read-more\" href=\"https:\/\/bezirk34.de\/?p=2390\" aria-label=\"Mehr Informationen \u00fcber SG Neu-Isenburg f\u00e4hrt zum Aufstiegswettkampf in der Oberliga S\u00fcd\">Weiterlesen<\/a><\/p>\n","protected":false},"author":4,"featured_media":0,"comment_status":"closed","ping_status":"closed","sticky":false,"template":"","format":"standard","meta":{"_jetpack_memberships_contains_paid_content":false,"footnotes":""},"categories":[20,24,7],"tags":[],"class_list":["post-2390","post","type-post","status-publish","format-standard","hentry","category-gewehr","category-rwk","category-sport"],"jetpack_featured_media_url":"","jetpack_sharing_enabled":true,"_links":{"self":[{"href":"https:\/\/bezirk34.de\/index.php?rest_route=\/wp\/v2\/posts\/2390","targetHints":{"allow":["GET"]}}],"collection":[{"href":"https:\/\/bezirk34.de\/index.php?rest_route=\/wp\/v2\/posts"}],"about":[{"href":"https:\/\/bezirk34.de\/index.php?rest_route=\/wp\/v2\/types\/post"}],"author":[{"embeddable":true,"href":"https:\/\/bezirk34.de\/index.php?rest_route=\/wp\/v2\/users\/4"}],"replies":[{"embeddable":true,"href":"https:\/\/bezirk34.de\/index.php?rest_route=%2Fwp%2Fv2%2Fcomments&post=2390"}],"version-history":[{"count":4,"href":"https:\/\/bezirk34.de\/index.php?rest_route=\/wp\/v2\/posts\/2390\/revisions"}],"predecessor-version":[{"id":2397,"href":"https:\/\/bezirk34.de\/index.php?rest_route=\/wp\/v2\/posts\/2390\/revisions\/2397"}],"wp:attachment":[{"href":"https:\/\/bezirk34.de\/index.php?rest_route=%2Fwp%2Fv2%2Fmedia&parent=2390"}],"wp:term":[{"taxonomy":"category","embeddable":true,"href":"https:\/\/bezirk34.de\/index.php?rest_route=%2Fwp%2Fv2%2Fcategories&post=2390"},{"taxonomy":"post_tag","embeddable":true,"href":"https:\/\/bezirk34.de\/index.php?rest_route=%2Fwp%2Fv2%2Ftags&post=2390"}],"curies":[{"name":"wp","href":"https:\/\/api.w.org\/{rel}","templated":true}]}}